{"id":1787,"date":"2024-10-11T11:40:34","date_gmt":"2024-10-11T08:40:34","guid":{"rendered":"https:\/\/iicvilnius.esteri.it\/?p=1787"},"modified":"2024-10-16T16:45:13","modified_gmt":"2024-10-16T13:45:13","slug":"a-vilnius-la-xxiv-settimana-della-lingua-italiana-nel-mondo","status":"publish","type":"post","link":"https:\/\/iicvilnius.esteri.it\/it\/news\/dall_istituto\/2024\/10\/a-vilnius-la-xxiv-settimana-della-lingua-italiana-nel-mondo\/","title":{"rendered":"A Vilnius la XXIV Settimana della Lingua Italiana nel Mondo"},"content":{"rendered":"<p>\u00c8 stata celebrata a Vilnius, dal 7 all&#8217;11 ottobre, la XXIV Settimana della Lingua Italiana nel Mondo.<\/p>\n<p>L\u2019Ambasciatore Emanuele de Maigret, il Prorettore Art\u016bras Vasiliauskas, il Preside della Facolt\u00e0 di Filologia Mindaugas Kvietkauskas e il Presidente del Corso di Filologia italiana Dainius B\u016br\u0117, hanno aperto i lavori. Ospite d\u2019onore \u00e8 stato il Nunzio Apostolico S.E.R. Georg G\u00e4nswein, che ha tenuto una lezione presso la prestigiosa Aula Kr\u0117v\u0117s dell&#8217;Universit\u00e0, parlando dei suoi profondi legami con la lingua italiana.<\/p>\n<p>La Settimana della Lingua Italiana nel Mondo a Vilnius ha visto un programma molto articolato: non solo approfondimenti sull\u2019Italiano, ma anche sulle lingue che nella Penisola italiana lo hanno preceduto e hanno contribuito alla sua formazione. Numerosi gli argomenti trattati: ad es. una particolare prospettiva dalla Liguria sulla letteratura italiana contemporanea o un approfondimento sul veneziano di Marco Polo, di cui ricorrono quest\u2019anno i 700 anni dalla morte. E\u2019 stata illustrata anche la diffusione degli studi lituanistici e baltistici in Italia, sottolineando come da anni sussista una fruttuosa sinergia tra gli italianisti lituani e i baltisti e lituanisti italiani. Sinergia ben evidenziata, ad esempio, dal Breve dizionario biografico degli italiani in Lituania del Professor Pietro U. Dini presentato nell\u2019occasione: l\u2019opera \u00e8 nata dalla collaborazione tra il Dipartimento di Linguistica e Letteratura Italiana dell&#8217;Universit\u00e0 di Vilnius, la Cattedra di Baltistica dell&#8217;Universit\u00e0 di Pisa e l\u2018Istituto Italiano di Cultura di Vilnius.<\/p>\n<p>Il programma artistico della settimana \u00e8 stato inaugurato con uno spettacolo di musica e luci che ha reso omaggio alle colonne sonore pi\u00f9 iconiche dei grandi maestri italiani nella suggestiva cornice della Chiesa di Santa Caterina, ed \u00e8 proseguito con un secondo concerto di musica classica al Museo delle Arti Applicate e del Design. Si sono svolte lezioni magistrali, seminari e laboratori anche all&#8217;Universit\u00e0 \u201cVytautas Magnus\u201d di Kaunas e all&#8217;Accademia della Musica e del Teatro della Lituania.<\/p>\n","protected":false},"excerpt":{"rendered":"\u00c8 stata celebrata a Vilnius, dal 7 all&#8217;11 ottobre, la XXIV Settimana della Lingua Italiana nel Mondo. L\u2019Ambasciatore Emanuele de Maigret, il Prorettore Art\u016bras Vasiliauskas, il Preside della Facolt\u00e0 di Filologia Mindaugas Kvietkauskas e il Presidente del Corso di Filologia italiana Dainius B\u016br\u0117, hanno aperto i lavori. Ospite d\u2019onore \u00e8 stato il Nunzio Apostolico S.E.R. [&hellip;]","protected":false},"author":6,"featured_media":1790,"comment_status":"closed","ping_status":"closed","sticky":false,"template":"","format":"standard","meta":{"footnotes":""},"tags":[5],"class_list":["post-1787","post","type-post","status-publish","format-standard","has-post-thumbnail","hentry","tag-settimana-della-lingua-italiana-nel-mondo"],"_links":{"self":[{"href":"https:\/\/iicvilnius.esteri.it\/it\/wp-json\/wp\/v2\/posts\/1787","targetHints":{"allow":["GET"]}}],"collection":[{"href":"https:\/\/iicvilnius.esteri.it\/it\/wp-json\/wp\/v2\/posts"}],"about":[{"href":"https:\/\/iicvilnius.esteri.it\/it\/wp-json\/wp\/v2\/types\/post"}],"author":[{"embeddable":true,"href":"https:\/\/iicvilnius.esteri.it\/it\/wp-json\/wp\/v2\/users\/6"}],"replies":[{"embeddable":true,"href":"https:\/\/iicvilnius.esteri.it\/it\/wp-json\/wp\/v2\/comments?post=1787"}],"version-history":[{"count":4,"href":"https:\/\/iicvilnius.esteri.it\/it\/wp-json\/wp\/v2\/posts\/1787\/revisions"}],"predecessor-version":[{"id":1797,"href":"https:\/\/iicvilnius.esteri.it\/it\/wp-json\/wp\/v2\/posts\/1787\/revisions\/1797"}],"wp:featuredmedia":[{"embeddable":true,"href":"https:\/\/iicvilnius.esteri.it\/it\/wp-json\/wp\/v2\/media\/1790"}],"wp:attachment":[{"href":"https:\/\/iicvilnius.esteri.it\/it\/wp-json\/wp\/v2\/media?parent=1787"}],"wp:term":[{"taxonomy":"post_tag","embeddable":true,"href":"https:\/\/iicvilnius.esteri.it\/it\/wp-json\/wp\/v2\/tags?post=1787"}],"curies":[{"name":"wp","href":"https:\/\/api.w.org\/{rel}","templated":true}]}}