{"id":1332,"date":"2025-02-28T15:00:10","date_gmt":"2025-02-28T13:00:10","guid":{"rendered":"https:\/\/iicvilnius.esteri.it\/?p=1332"},"modified":"2025-02-28T16:45:07","modified_gmt":"2025-02-28T14:45:07","slug":"apertura-delle-iscrizioni-ai-corsi-di-italiano-per-il-iii-trimestre","status":"publish","type":"post","link":"https:\/\/iicvilnius.esteri.it\/lt\/news\/dall_istituto\/2025\/02\/apertura-delle-iscrizioni-ai-corsi-di-italiano-per-il-iii-trimestre\/","title":{"rendered":"Registracija \u012f paprastuosius ital\u0173 kalbos kursus 2025 m. pavasar\u012f"},"content":{"rendered":"<p>Jau galima registruotis \u012f paprastuosius ital\u0173 kalbos kursus, kurie vyks nuo baland\u017eio iki bir\u017eelio m\u0117nesio darbo dienomis. Planuojama trimestro prad\u017eia &#8211; 2025 m. baland\u017eio 7 d.\u00a0 Daugiau informacijos <a href=\"https:\/\/iicvilnius.esteri.it\/lt\/lingua-e-cultura\/i-corsi-di-lingua\/kaip-ir-kada-registruotis\/\">\u010cIA<\/a><\/p>\n","protected":false},"excerpt":{"rendered":"Jau galima registruotis \u012f paprastuosius ital\u0173 kalbos kursus, kurie vyks nuo baland\u017eio iki bir\u017eelio m\u0117nesio darbo dienomis. Planuojama trimestro prad\u017eia &#8211; 2025 m. baland\u017eio 7 d.\u00a0 Daugiau informacijos \u010cIA","protected":false},"author":3,"featured_media":0,"comment_status":"closed","ping_status":"closed","sticky":false,"template":"","format":"standard","meta":{"footnotes":""},"tags":[],"class_list":["post-1332","post","type-post","status-publish","format-standard","hentry"],"_links":{"self":[{"href":"https:\/\/iicvilnius.esteri.it\/lt\/wp-json\/wp\/v2\/posts\/1332","targetHints":{"allow":["GET"]}}],"collection":[{"href":"https:\/\/iicvilnius.esteri.it\/lt\/wp-json\/wp\/v2\/posts"}],"about":[{"href":"https:\/\/iicvilnius.esteri.it\/lt\/wp-json\/wp\/v2\/types\/post"}],"author":[{"embeddable":true,"href":"https:\/\/iicvilnius.esteri.it\/lt\/wp-json\/wp\/v2\/users\/3"}],"replies":[{"embeddable":true,"href":"https:\/\/iicvilnius.esteri.it\/lt\/wp-json\/wp\/v2\/comments?post=1332"}],"version-history":[{"count":6,"href":"https:\/\/iicvilnius.esteri.it\/lt\/wp-json\/wp\/v2\/posts\/1332\/revisions"}],"predecessor-version":[{"id":1970,"href":"https:\/\/iicvilnius.esteri.it\/lt\/wp-json\/wp\/v2\/posts\/1332\/revisions\/1970"}],"wp:attachment":[{"href":"https:\/\/iicvilnius.esteri.it\/lt\/wp-json\/wp\/v2\/media?parent=1332"}],"wp:term":[{"taxonomy":"post_tag","embeddable":true,"href":"https:\/\/iicvilnius.esteri.it\/lt\/wp-json\/wp\/v2\/tags?post=1332"}],"curies":[{"name":"wp","href":"https:\/\/api.w.org\/{rel}","templated":true}]}}