{"id":1349,"date":"2026-02-24T11:35:33","date_gmt":"2026-02-24T09:35:33","guid":{"rendered":"https:\/\/iicvilnius.esteri.it\/?p=1349"},"modified":"2026-02-24T12:33:21","modified_gmt":"2026-02-24T10:33:21","slug":"parama-italisku-knygu-vertimams","status":"publish","type":"post","link":"https:\/\/iicvilnius.esteri.it\/lt\/news\/dall_istituto\/2026\/02\/parama-italisku-knygu-vertimams\/","title":{"rendered":"Parama itali\u0161k\u0173 knyg\u0173 vertimams"},"content":{"rendered":"<p>Siekdama populiarinti ital\u0173 literat\u016br\u0105, Italijos U\u017esienio reikal\u0173 ir tarptautinio bendradarbiavimo ministerija skiria premijas bei param\u0105 ital\u0173 gro\u017ein\u0117s ir mokslin\u0117s literat\u016bros vertimams, o taip pat masin\u0117ms informavimo priemon\u0117ms skirt\u0173 trumpametra\u017eini\u0173, pilno metra\u017eo film\u0173 ir televizijos serial\u0173 dubliavimui ir subtitravimui. Su 2026 m. s\u0105lygomis galite susipa\u017einti <a href=\"https:\/\/iicvilnius.esteri.it\/lt\/lingua-e-cultura\/premi-alla-traduzione\/\">\u010cIA<\/a><\/p>\n","protected":false},"excerpt":{"rendered":"Siekdama populiarinti ital\u0173 literat\u016br\u0105, Italijos U\u017esienio reikal\u0173 ir tarptautinio bendradarbiavimo ministerija skiria premijas bei param\u0105 ital\u0173 gro\u017ein\u0117s ir mokslin\u0117s literat\u016bros vertimams, o taip pat masin\u0117ms informavimo priemon\u0117ms skirt\u0173 trumpametra\u017eini\u0173, pilno metra\u017eo film\u0173 ir televizijos serial\u0173 dubliavimui ir subtitravimui. Su 2026 m. s\u0105lygomis galite susipa\u017einti \u010cIA","protected":false},"author":3,"featured_media":0,"comment_status":"closed","ping_status":"closed","sticky":false,"template":"","format":"standard","meta":{"footnotes":""},"tags":[],"class_list":["post-1349","post","type-post","status-publish","format-standard","hentry"],"_links":{"self":[{"href":"https:\/\/iicvilnius.esteri.it\/lt\/wp-json\/wp\/v2\/posts\/1349","targetHints":{"allow":["GET"]}}],"collection":[{"href":"https:\/\/iicvilnius.esteri.it\/lt\/wp-json\/wp\/v2\/posts"}],"about":[{"href":"https:\/\/iicvilnius.esteri.it\/lt\/wp-json\/wp\/v2\/types\/post"}],"author":[{"embeddable":true,"href":"https:\/\/iicvilnius.esteri.it\/lt\/wp-json\/wp\/v2\/users\/3"}],"replies":[{"embeddable":true,"href":"https:\/\/iicvilnius.esteri.it\/lt\/wp-json\/wp\/v2\/comments?post=1349"}],"version-history":[{"count":3,"href":"https:\/\/iicvilnius.esteri.it\/lt\/wp-json\/wp\/v2\/posts\/1349\/revisions"}],"predecessor-version":[{"id":2923,"href":"https:\/\/iicvilnius.esteri.it\/lt\/wp-json\/wp\/v2\/posts\/1349\/revisions\/2923"}],"wp:attachment":[{"href":"https:\/\/iicvilnius.esteri.it\/lt\/wp-json\/wp\/v2\/media?parent=1349"}],"wp:term":[{"taxonomy":"post_tag","embeddable":true,"href":"https:\/\/iicvilnius.esteri.it\/lt\/wp-json\/wp\/v2\/tags?post=1349"}],"curies":[{"name":"wp","href":"https:\/\/api.w.org\/{rel}","templated":true}]}}