{"id":2275,"date":"2025-06-25T16:29:26","date_gmt":"2025-06-25T13:29:26","guid":{"rendered":"https:\/\/iicvilnius.esteri.it\/news\/dall_istituto\/2025\/06\/assunzione-impiegato-a-contratto-presso-listituto\/"},"modified":"2025-09-29T16:10:06","modified_gmt":"2025-09-29T13:10:06","slug":"assunzione-impiegato-a-contratto-presso-listituto","status":"publish","type":"post","link":"https:\/\/iicvilnius.esteri.it\/lt\/news\/dall_istituto\/2025\/06\/assunzione-impiegato-a-contratto-presso-listituto\/","title":{"rendered":"Konkursas \u012f vien\u0105 darbo viet\u0105 Institute"},"content":{"rendered":"<p>Ital\u0173 kult\u016bros insitutas skelbia konkurs\u0105 vienam darbuotojui priimti pagal neterminuot\u0105 darbo sutart\u012f. Parai\u0161kas galima teikti iki 2025 m. liepos 25 d.<\/p>\n","protected":false},"excerpt":{"rendered":"Ital\u0173 kult\u016bros insitutas skelbia konkurs\u0105 vienam darbuotojui priimti pagal neterminuot\u0105 darbo sutart\u012f. Parai\u0161kas galima teikti iki 2025 m. liepos 25 d.","protected":false},"author":3,"featured_media":0,"comment_status":"closed","ping_status":"closed","sticky":false,"template":"","format":"standard","meta":{"footnotes":""},"tags":[],"class_list":["post-2275","post","type-post","status-publish","format-standard","hentry"],"_links":{"self":[{"href":"https:\/\/iicvilnius.esteri.it\/lt\/wp-json\/wp\/v2\/posts\/2275","targetHints":{"allow":["GET"]}}],"collection":[{"href":"https:\/\/iicvilnius.esteri.it\/lt\/wp-json\/wp\/v2\/posts"}],"about":[{"href":"https:\/\/iicvilnius.esteri.it\/lt\/wp-json\/wp\/v2\/types\/post"}],"author":[{"embeddable":true,"href":"https:\/\/iicvilnius.esteri.it\/lt\/wp-json\/wp\/v2\/users\/3"}],"replies":[{"embeddable":true,"href":"https:\/\/iicvilnius.esteri.it\/lt\/wp-json\/wp\/v2\/comments?post=2275"}],"version-history":[{"count":2,"href":"https:\/\/iicvilnius.esteri.it\/lt\/wp-json\/wp\/v2\/posts\/2275\/revisions"}],"predecessor-version":[{"id":2279,"href":"https:\/\/iicvilnius.esteri.it\/lt\/wp-json\/wp\/v2\/posts\/2275\/revisions\/2279"}],"wp:attachment":[{"href":"https:\/\/iicvilnius.esteri.it\/lt\/wp-json\/wp\/v2\/media?parent=2275"}],"wp:term":[{"taxonomy":"post_tag","embeddable":true,"href":"https:\/\/iicvilnius.esteri.it\/lt\/wp-json\/wp\/v2\/tags?post=2275"}],"curies":[{"name":"wp","href":"https:\/\/api.w.org\/{rel}","templated":true}]}}