{"id":2413,"date":"2025-09-18T16:56:49","date_gmt":"2025-09-18T13:56:49","guid":{"rendered":"https:\/\/iicvilnius.esteri.it\/?p=2413"},"modified":"2025-09-18T16:58:28","modified_gmt":"2025-09-18T13:58:28","slug":"italu-dienos-kaune","status":"publish","type":"post","link":"https:\/\/iicvilnius.esteri.it\/lt\/news\/dall_istituto\/2025\/09\/italu-dienos-kaune\/","title":{"rendered":"Ital\u0173 dienos Kaune"},"content":{"rendered":"<p>Nuo rugs\u0117jo 18 iki 20 dienos Kaunas nusida\u017eo Italijos v\u0117liavos spalvomis! J\u016bs\u0173 laukia trys dienos, skirtos Italijos menui, muzikai, kinui ir virtuvei. \u0160ia proga Italijos kult\u016bros institutas ir Italijos ambasada si\u016blo du kino seansus i\u0161 Enrico Vanzina kuruojamos film\u0173 programos \u201eItali\u0161kos komedijos meistrai\u201c: \u201cKlasiokai\u201d (1988), kur\u012f re\u017eisavo bei pagrindin\u012f vaidmen\u012f atliko legendinis ital\u0173 komikas Carlo Verdone (rugs\u0117jo 19 d. 18:00 val. kino centre \u201cRomuva\u201d) bei Italijos kino grando Ettore Scola \u0161edevr\u0105 \u201eMes taip myl\u0117jome vienas kit\u0105\u201c (1974 m.) \u2013 meil\u0117s, draugyst\u0117s ir sinefilijos istorij\u0105, nostalgi\u0161kai pasakojan\u010di\u0105 apie did\u017ei\u0173j\u0173 pokario ideal\u0173 sujungt\u0173 draug\u0173 gyvenimus, \u012fk\u016bnijamus Vittorio Gassman, Nino Manfredi ir Stefanios Sandrelli (rugs\u0117jo 20 d. 13:00 val. \u201e\u0104\u017euolyno\u201c bibliotekos \u017dvaig\u017ed\u017ei\u0173 sal\u0117je). Taip pat, ma\u017eiausieji Italijos gerb\u0117jai gal\u0117s dalyvauti nuotolin\u0117je paskaitoje pradin\u0117ms mokykloms \u201eItalijos paslaptys: nuo picos iki Koliziejaus!\u201c (rugs\u0117jo 23 d. 9:00 val.), o \u0161iuolaikinio meno gerb\u0117jai iki pat lapkri\u010dio 9 d. turi laiko aplankyti 15-\u0105j\u0105 Kauno bienal\u0119 lydin\u010di\u0105 ital\u0173-lietuvi\u0173 meninink\u0173 parod\u0105 \u201eAidai tarp mi\u0161k\u0173 ir kaln\u0173\u201c, kuri\u0105 remia Italijos kult\u016bros ministerijos \u0160iuolaikin\u0117s k\u016brybos direktoratas, Italijos Ambasada ir Ital\u0173 kult\u016bros institutas Vilniuje.<\/p>\n<p>&nbsp;<\/p>\n<p>Vis\u0105 Italijos kult\u016bros dien\u0173 Kaune rengini\u0173 program\u0105 galite rasti \u010dia: <a href=\"https:\/\/www.kaunas.lt\/renginiai\/italu-dienos-kaune-2025\/\">https:\/\/www.kaunas.lt\/renginiai\/italu-dienos-kaune-2025\/<\/a><\/p>\n","protected":false},"excerpt":{"rendered":"Nuo rugs\u0117jo 18 iki 20 dienos Kaunas nusida\u017eo Italijos v\u0117liavos spalvomis! J\u016bs\u0173 laukia trys dienos, skirtos Italijos menui, muzikai, kinui ir virtuvei. \u0160ia proga Italijos kult\u016bros institutas ir Italijos ambasada si\u016blo du kino seansus i\u0161 Enrico Vanzina kuruojamos film\u0173 programos \u201eItali\u0161kos komedijos meistrai\u201c: \u201cKlasiokai\u201d (1988), kur\u012f re\u017eisavo bei pagrindin\u012f vaidmen\u012f atliko legendinis ital\u0173 komikas Carlo [&hellip;]","protected":false},"author":3,"featured_media":2409,"comment_status":"closed","ping_status":"closed","sticky":false,"template":"","format":"standard","meta":{"footnotes":""},"tags":[],"class_list":["post-2413","post","type-post","status-publish","format-standard","has-post-thumbnail","hentry"],"_links":{"self":[{"href":"https:\/\/iicvilnius.esteri.it\/lt\/wp-json\/wp\/v2\/posts\/2413","targetHints":{"allow":["GET"]}}],"collection":[{"href":"https:\/\/iicvilnius.esteri.it\/lt\/wp-json\/wp\/v2\/posts"}],"about":[{"href":"https:\/\/iicvilnius.esteri.it\/lt\/wp-json\/wp\/v2\/types\/post"}],"author":[{"embeddable":true,"href":"https:\/\/iicvilnius.esteri.it\/lt\/wp-json\/wp\/v2\/users\/3"}],"replies":[{"embeddable":true,"href":"https:\/\/iicvilnius.esteri.it\/lt\/wp-json\/wp\/v2\/comments?post=2413"}],"version-history":[{"count":1,"href":"https:\/\/iicvilnius.esteri.it\/lt\/wp-json\/wp\/v2\/posts\/2413\/revisions"}],"predecessor-version":[{"id":2415,"href":"https:\/\/iicvilnius.esteri.it\/lt\/wp-json\/wp\/v2\/posts\/2413\/revisions\/2415"}],"wp:featuredmedia":[{"embeddable":true,"href":"https:\/\/iicvilnius.esteri.it\/lt\/wp-json\/wp\/v2\/media\/2409"}],"wp:attachment":[{"href":"https:\/\/iicvilnius.esteri.it\/lt\/wp-json\/wp\/v2\/media?parent=2413"}],"wp:term":[{"taxonomy":"post_tag","embeddable":true,"href":"https:\/\/iicvilnius.esteri.it\/lt\/wp-json\/wp\/v2\/tags?post=2413"}],"curies":[{"name":"wp","href":"https:\/\/api.w.org\/{rel}","templated":true}]}}