{"id":2449,"date":"2025-09-25T15:01:25","date_gmt":"2025-09-25T12:01:25","guid":{"rendered":"https:\/\/iicvilnius.esteri.it\/?p=2449"},"modified":"2025-09-25T15:02:27","modified_gmt":"2025-09-25T12:02:27","slug":"europos-kalbu-diena","status":"publish","type":"post","link":"https:\/\/iicvilnius.esteri.it\/lt\/news\/dall_istituto\/2025\/09\/europos-kalbu-diena\/","title":{"rendered":"Europos kalb\u0173 diena"},"content":{"rendered":"<div dir=\"auto\">Rugs\u0117jo 26 d. pamin\u0117sime Europos kalb\u0173 dien\u0105. \u0160vent\u0117, kuri\u0105 organizuoja Valstyb\u0117s institucij\u0173 kalb\u0173 centras, vyks Seimo lankytoj\u0173 centre ir Vilniaus Vy\u010dio gimnazijoje.<\/div>\n<div dir=\"auto\">Nuo 13 val. Vy\u010dio gimnazijoje vyks renginys &#8222;Pasimatymas su kalbomis&#8221;, kurio metu moksleiviai tur\u0117s prog\u0105 susipa\u017einti net su 13 kalb\u0173, taip pat ir ital\u0173, kuri\u0105 pristatys Ital\u0173 kult\u016bros instituto d\u0117stytojas Matteo Notari 13.30 ir 14 val. 116 kabinete.<\/div>\n","protected":false},"excerpt":{"rendered":"Rugs\u0117jo 26 d. pamin\u0117sime Europos kalb\u0173 dien\u0105. \u0160vent\u0117, kuri\u0105 organizuoja Valstyb\u0117s institucij\u0173 kalb\u0173 centras, vyks Seimo lankytoj\u0173 centre ir Vilniaus Vy\u010dio gimnazijoje. Nuo 13 val. Vy\u010dio gimnazijoje vyks renginys &#8222;Pasimatymas su kalbomis&#8221;, kurio metu moksleiviai tur\u0117s prog\u0105 susipa\u017einti net su 13 kalb\u0173, taip pat ir ital\u0173, kuri\u0105 pristatys Ital\u0173 kult\u016bros instituto d\u0117stytojas Matteo Notari 13.30 [&hellip;]","protected":false},"author":3,"featured_media":2443,"comment_status":"closed","ping_status":"closed","sticky":false,"template":"","format":"standard","meta":{"footnotes":""},"tags":[],"class_list":["post-2449","post","type-post","status-publish","format-standard","has-post-thumbnail","hentry"],"_links":{"self":[{"href":"https:\/\/iicvilnius.esteri.it\/lt\/wp-json\/wp\/v2\/posts\/2449","targetHints":{"allow":["GET"]}}],"collection":[{"href":"https:\/\/iicvilnius.esteri.it\/lt\/wp-json\/wp\/v2\/posts"}],"about":[{"href":"https:\/\/iicvilnius.esteri.it\/lt\/wp-json\/wp\/v2\/types\/post"}],"author":[{"embeddable":true,"href":"https:\/\/iicvilnius.esteri.it\/lt\/wp-json\/wp\/v2\/users\/3"}],"replies":[{"embeddable":true,"href":"https:\/\/iicvilnius.esteri.it\/lt\/wp-json\/wp\/v2\/comments?post=2449"}],"version-history":[{"count":1,"href":"https:\/\/iicvilnius.esteri.it\/lt\/wp-json\/wp\/v2\/posts\/2449\/revisions"}],"predecessor-version":[{"id":2450,"href":"https:\/\/iicvilnius.esteri.it\/lt\/wp-json\/wp\/v2\/posts\/2449\/revisions\/2450"}],"wp:featuredmedia":[{"embeddable":true,"href":"https:\/\/iicvilnius.esteri.it\/lt\/wp-json\/wp\/v2\/media\/2443"}],"wp:attachment":[{"href":"https:\/\/iicvilnius.esteri.it\/lt\/wp-json\/wp\/v2\/media?parent=2449"}],"wp:term":[{"taxonomy":"post_tag","embeddable":true,"href":"https:\/\/iicvilnius.esteri.it\/lt\/wp-json\/wp\/v2\/tags?post=2449"}],"curies":[{"name":"wp","href":"https:\/\/api.w.org\/{rel}","templated":true}]}}