{"id":249,"date":"2025-04-02T13:37:27","date_gmt":"2025-04-02T10:37:27","guid":{"rendered":"https:\/\/iicvilnius.esteri.it\/?p=249"},"modified":"2025-04-28T11:04:26","modified_gmt":"2025-04-28T08:04:26","slug":"italijos-respublikos-uzsienio-reikalu-ir-tarptautinio-bendradarbiavimo-ministerija-skiria-finansavima-kulturos-ir-mokslo-misijoms-italijoje-ir-lietuvoje","status":"publish","type":"post","link":"https:\/\/iicvilnius.esteri.it\/lt\/news\/dall_istituto\/2025\/04\/italijos-respublikos-uzsienio-reikalu-ir-tarptautinio-bendradarbiavimo-ministerija-skiria-finansavima-kulturos-ir-mokslo-misijoms-italijoje-ir-lietuvoje\/","title":{"rendered":"Italijos Respublikos U\u017esienio reikal\u0173 ir tarptautinio bendradarbiavimo ministerija skiria finansavim\u0105 kult\u016bros ir mokslo misijoms Italijoje ir Lietuvoje"},"content":{"rendered":"<p><em>Mokslininkai, d\u0117stytojai, ekspertai, kult\u016bros asmenyb\u0117s ir veik\u0117jai i\u0161 <strong>Lietuvos<\/strong> institucij\u0173<\/em>, kurie ketina priimti kvietimus praleisti tam tikr\u0105 laikotarp\u012f <em><strong>Italijos<\/strong> universitetuose ar kult\u016bros \u012fstaigose<\/em>, ir <em>mokslininkai, d\u0117stytojai, ekspertai, kult\u016bros asmenyb\u0117s ir veik\u0117jai i\u0161 <strong>Italijos<\/strong> institucij\u0173<\/em>, kurie ketina priimti kvietimus praleisti tam tikr\u0105 laikotarp\u012f <em><strong>Lietuvos<\/strong> universitetuose ar kult\u016bros \u012fstaigose<\/em> studij\u0173 ar mokslini\u0173 tyrim\u0173 tikslais, per Italijos kult\u016bros institut\u0105 Vilniuje gali kreiptis \u012f Italijos Respublikos U\u017esienio reikal\u0173 ir tarptautinio bendradarbiavimo ministerij\u0105 paramos \u0161i\u0173 misij\u0173 \u2013 tiek kult\u016brini\u0173, tiek mokslini\u0173 \u2013 finansavimui, kuri bus skiriama vizitams vyksiantiems <em>2025 metais<\/em>. <strong>Parai\u0161k\u0173 pateikimo terminas &#8211; iki 2025 m. liepos 31 dienos<\/strong>.<br \/>\n\u0160ia iniciatyva siekiama remti Italijos universitet\u0173, kult\u016bros ir k\u016brybin\u0117s sistemos internacionalizavim\u0105 ir ypa\u010d pl\u0117toti partneryst\u0117s ry\u0161ius ir kult\u016brinius ar mokslinius projektus tarp Lietuvos ir Italijos institucij\u0173, galin\u010di\u0173 atskleisti j\u0173 poveik\u012f vidutiniu ir ilguoju laikotarpiu. Finansin\u0117 parama, d\u0117l kurios galima kreiptis \u012f Italijos Respublikos U\u017esienio reikal\u0173 ir tarptautinio bendradarbiavimo ministerij\u0105, bus tam tikros visaapiman\u010dios sumos i\u0161moka u\u017e jau \u012fvykus\u012f ne ilgesn\u012f nei 10 dien\u0173 vizit\u0105. Pra\u0161ymo pateikimo ir v\u0117lesnio i\u0161mok\u0117jimo tvarka i\u0161samiai apra\u0161yta pridedamuose dokumentuose. Gautos parai\u0161kos bus vertinamos atsi\u017evelgiant \u012f parei\u0161k\u0117jo charakteristikas, \u012fskaitant jo gyvenimo apra\u0161ym\u0105 ir am\u017ei\u0173; galim\u0105 vidutin\u0117s trukm\u0117s ir ilgalaik\u012f misijos poveik\u012f pl\u0117tojant kult\u016bros ar mokslo projektus ir bendradarbiavim\u0105 tarp Italijos ir u\u017esienio institucij\u0173; susijusi\u0173 kult\u016bros institucij\u0173 presti\u017e\u0105; i\u0161mok\u0173 gav\u0117j\u0173 rotacijos princip\u0105.<\/p>\n","protected":false},"excerpt":{"rendered":"Mokslininkai, d\u0117stytojai, ekspertai, kult\u016bros asmenyb\u0117s ir veik\u0117jai i\u0161 Lietuvos institucij\u0173, kurie ketina priimti kvietimus praleisti tam tikr\u0105 laikotarp\u012f Italijos universitetuose ar kult\u016bros \u012fstaigose, ir mokslininkai, d\u0117stytojai, ekspertai, kult\u016bros asmenyb\u0117s ir veik\u0117jai i\u0161 Italijos institucij\u0173, kurie ketina priimti kvietimus praleisti tam tikr\u0105 laikotarp\u012f Lietuvos universitetuose ar kult\u016bros \u012fstaigose studij\u0173 ar mokslini\u0173 tyrim\u0173 tikslais, per Italijos kult\u016bros [&hellip;]","protected":false},"author":3,"featured_media":0,"comment_status":"closed","ping_status":"closed","sticky":false,"template":"","format":"standard","meta":{"footnotes":""},"tags":[],"class_list":["post-249","post","type-post","status-publish","format-standard","hentry"],"_links":{"self":[{"href":"https:\/\/iicvilnius.esteri.it\/lt\/wp-json\/wp\/v2\/posts\/249","targetHints":{"allow":["GET"]}}],"collection":[{"href":"https:\/\/iicvilnius.esteri.it\/lt\/wp-json\/wp\/v2\/posts"}],"about":[{"href":"https:\/\/iicvilnius.esteri.it\/lt\/wp-json\/wp\/v2\/types\/post"}],"author":[{"embeddable":true,"href":"https:\/\/iicvilnius.esteri.it\/lt\/wp-json\/wp\/v2\/users\/3"}],"replies":[{"embeddable":true,"href":"https:\/\/iicvilnius.esteri.it\/lt\/wp-json\/wp\/v2\/comments?post=249"}],"version-history":[{"count":4,"href":"https:\/\/iicvilnius.esteri.it\/lt\/wp-json\/wp\/v2\/posts\/249\/revisions"}],"predecessor-version":[{"id":2054,"href":"https:\/\/iicvilnius.esteri.it\/lt\/wp-json\/wp\/v2\/posts\/249\/revisions\/2054"}],"wp:attachment":[{"href":"https:\/\/iicvilnius.esteri.it\/lt\/wp-json\/wp\/v2\/media?parent=249"}],"wp:term":[{"taxonomy":"post_tag","embeddable":true,"href":"https:\/\/iicvilnius.esteri.it\/lt\/wp-json\/wp\/v2\/tags?post=249"}],"curies":[{"name":"wp","href":"https:\/\/api.w.org\/{rel}","templated":true}]}}