{"id":2613,"date":"2025-10-16T17:02:54","date_gmt":"2025-10-16T14:02:54","guid":{"rendered":"https:\/\/iicvilnius.esteri.it\/?p=2613"},"modified":"2025-10-17T17:57:28","modified_gmt":"2025-10-17T14:57:28","slug":"konkursas-i-viena-darbo-vieta-institute","status":"publish","type":"post","link":"https:\/\/iicvilnius.esteri.it\/lt\/news\/dall_istituto\/2025\/10\/konkursas-i-viena-darbo-vieta-institute\/","title":{"rendered":"Konkursas \u012f vien\u0105 darbo viet\u0105 Institute"},"content":{"rendered":"<p>Ital\u0173 kult\u016bros insitutas skelbia konkurs\u0105 vienam darbuotojui priimti pagal neterminuot\u0105 darbo sutart\u012f. Parai\u0161kas galima teikti iki 2025 m. spalio 31 d.<\/p>\n","protected":false},"excerpt":{"rendered":"Ital\u0173 kult\u016bros insitutas skelbia konkurs\u0105 vienam darbuotojui priimti pagal neterminuot\u0105 darbo sutart\u012f. Parai\u0161kas galima teikti iki 2025 m. spalio 31 d.","protected":false},"author":3,"featured_media":0,"comment_status":"closed","ping_status":"closed","sticky":false,"template":"","format":"standard","meta":{"footnotes":""},"tags":[],"class_list":["post-2613","post","type-post","status-publish","format-standard","hentry"],"_links":{"self":[{"href":"https:\/\/iicvilnius.esteri.it\/lt\/wp-json\/wp\/v2\/posts\/2613","targetHints":{"allow":["GET"]}}],"collection":[{"href":"https:\/\/iicvilnius.esteri.it\/lt\/wp-json\/wp\/v2\/posts"}],"about":[{"href":"https:\/\/iicvilnius.esteri.it\/lt\/wp-json\/wp\/v2\/types\/post"}],"author":[{"embeddable":true,"href":"https:\/\/iicvilnius.esteri.it\/lt\/wp-json\/wp\/v2\/users\/3"}],"replies":[{"embeddable":true,"href":"https:\/\/iicvilnius.esteri.it\/lt\/wp-json\/wp\/v2\/comments?post=2613"}],"version-history":[{"count":1,"href":"https:\/\/iicvilnius.esteri.it\/lt\/wp-json\/wp\/v2\/posts\/2613\/revisions"}],"predecessor-version":[{"id":2616,"href":"https:\/\/iicvilnius.esteri.it\/lt\/wp-json\/wp\/v2\/posts\/2613\/revisions\/2616"}],"wp:attachment":[{"href":"https:\/\/iicvilnius.esteri.it\/lt\/wp-json\/wp\/v2\/media?parent=2613"}],"wp:term":[{"taxonomy":"post_tag","embeddable":true,"href":"https:\/\/iicvilnius.esteri.it\/lt\/wp-json\/wp\/v2\/tags?post=2613"}],"curies":[{"name":"wp","href":"https:\/\/api.w.org\/{rel}","templated":true}]}}