{"id":262,"date":"2025-06-25T15:43:12","date_gmt":"2025-06-25T12:43:12","guid":{"rendered":"https:\/\/iicvilnius.esteri.it\/?p=262"},"modified":"2025-06-25T16:44:50","modified_gmt":"2025-06-25T13:44:50","slug":"darbas-italu-kalbos-destytojams","status":"publish","type":"post","link":"https:\/\/iicvilnius.esteri.it\/lt\/news\/dall_istituto\/2025\/06\/darbas-italu-kalbos-destytojams\/","title":{"rendered":"Darbas ital\u0173 kalbos d\u0117stytojams"},"content":{"rendered":"<div>\n<p>\u00a0Ital\u0173 kult\u016bros institutas si\u016blo darb\u0105 ital\u0173 kalbos d\u0117stytojams 2025\/2026 m.m.<\/p>\n<p>Atsisi\u0173sti skelbim\u0105:<a href=\"https:\/\/iicvilnius.esteri.it\/wp-content\/uploads\/2024\/06\/AVVISO-DOCENTI-2025-2026.pdf\"> AVVISO DOCENTI 2025-2026<\/a><\/p>\n<\/div>\n","protected":false},"excerpt":{"rendered":"\u00a0Ital\u0173 kult\u016bros institutas si\u016blo darb\u0105 ital\u0173 kalbos d\u0117stytojams 2025\/2026 m.m. Atsisi\u0173sti skelbim\u0105: AVVISO DOCENTI 2025-2026","protected":false},"author":3,"featured_media":0,"comment_status":"closed","ping_status":"closed","sticky":false,"template":"","format":"standard","meta":{"footnotes":""},"tags":[],"class_list":["post-262","post","type-post","status-publish","format-standard","hentry"],"_links":{"self":[{"href":"https:\/\/iicvilnius.esteri.it\/lt\/wp-json\/wp\/v2\/posts\/262","targetHints":{"allow":["GET"]}}],"collection":[{"href":"https:\/\/iicvilnius.esteri.it\/lt\/wp-json\/wp\/v2\/posts"}],"about":[{"href":"https:\/\/iicvilnius.esteri.it\/lt\/wp-json\/wp\/v2\/types\/post"}],"author":[{"embeddable":true,"href":"https:\/\/iicvilnius.esteri.it\/lt\/wp-json\/wp\/v2\/users\/3"}],"replies":[{"embeddable":true,"href":"https:\/\/iicvilnius.esteri.it\/lt\/wp-json\/wp\/v2\/comments?post=262"}],"version-history":[{"count":3,"href":"https:\/\/iicvilnius.esteri.it\/lt\/wp-json\/wp\/v2\/posts\/262\/revisions"}],"predecessor-version":[{"id":2285,"href":"https:\/\/iicvilnius.esteri.it\/lt\/wp-json\/wp\/v2\/posts\/262\/revisions\/2285"}],"wp:attachment":[{"href":"https:\/\/iicvilnius.esteri.it\/lt\/wp-json\/wp\/v2\/media?parent=262"}],"wp:term":[{"taxonomy":"post_tag","embeddable":true,"href":"https:\/\/iicvilnius.esteri.it\/lt\/wp-json\/wp\/v2\/tags?post=262"}],"curies":[{"name":"wp","href":"https:\/\/api.w.org\/{rel}","templated":true}]}}