{"id":2894,"date":"2026-02-19T15:31:44","date_gmt":"2026-02-19T13:31:44","guid":{"rendered":"https:\/\/iicvilnius.esteri.it\/?p=2894"},"modified":"2026-02-19T15:41:50","modified_gmt":"2026-02-19T13:41:50","slug":"pranesimas-apie-instituto-veiklos-remima","status":"publish","type":"post","link":"https:\/\/iicvilnius.esteri.it\/lt\/news\/dall_istituto\/2026\/02\/pranesimas-apie-instituto-veiklos-remima\/","title":{"rendered":"Prane\u0161imas apie Instituto \u200b\u200bveiklos r\u0117mim\u0105"},"content":{"rendered":"<p>Ital\u0173 kult\u016bros institutas Vilniuje \u0161iuo vie\u0161u prane\u0161imu ir su juo susijusiais priedais kvie\u010dia vie\u0161uosius ir (arba) priva\u010dius subjektus i\u0161reik\u0161ti savo nor\u0105 remti \u0161i\u0173 ir kit\u0173 rengini\u0173 organizavim\u0105:<\/p>\n<ul data-sourcepos=\"5:1-6:53\">\n<li data-sourcepos=\"5:1-5:34\">Respublikos dienos min\u0117jimas<\/li>\n<li data-sourcepos=\"6:1-6:53\">Renginiai, skirti Italijos kult\u016bros ir mokslo skatinimui<\/li>\n<li data-sourcepos=\"9:1-9:38\">\u0160uolaikinio meno diena<\/li>\n<li data-sourcepos=\"10:1-11:0\">Ital\u0173 kalbos savait\u0117<\/li>\n<li data-sourcepos=\"10:1-11:0\">kitos iniciatyvos, susijusios su itali\u0161k\u0173 produkt\u0173 sklaida<\/li>\n<\/ul>\n<p><a href=\"https:\/\/iicvilnius.esteri.it\/wp-content\/uploads\/2026\/02\/AVVISO-sponsor_LT.pdf\">AVVISO-sponsor_LT<\/a><\/p>\n<p><a href=\"https:\/\/iicvilnius.esteri.it\/wp-content\/uploads\/2026\/02\/All-1-dichiarazione-requisiti-di-ordine-generale_LT.docx\">All-1-dichiarazione-requisiti-di-ordine-generale_LT<\/a><\/p>\n<p><a href=\"https:\/\/iicvilnius.esteri.it\/wp-content\/uploads\/2026\/02\/All.2_LT.docx\">All.2_LT<\/a><\/p>\n","protected":false},"excerpt":{"rendered":"Ital\u0173 kult\u016bros institutas Vilniuje \u0161iuo vie\u0161u prane\u0161imu ir su juo susijusiais priedais kvie\u010dia vie\u0161uosius ir (arba) priva\u010dius subjektus i\u0161reik\u0161ti savo nor\u0105 remti \u0161i\u0173 ir kit\u0173 rengini\u0173 organizavim\u0105: Respublikos dienos min\u0117jimas Renginiai, skirti Italijos kult\u016bros ir mokslo skatinimui \u0160uolaikinio meno diena Ital\u0173 kalbos savait\u0117 kitos iniciatyvos, susijusios su itali\u0161k\u0173 produkt\u0173 sklaida AVVISO-sponsor_LT All-1-dichiarazione-requisiti-di-ordine-generale_LT All.2_LT","protected":false},"author":3,"featured_media":0,"comment_status":"closed","ping_status":"closed","sticky":false,"template":"","format":"standard","meta":{"footnotes":""},"tags":[],"class_list":["post-2894","post","type-post","status-publish","format-standard","hentry"],"_links":{"self":[{"href":"https:\/\/iicvilnius.esteri.it\/lt\/wp-json\/wp\/v2\/posts\/2894","targetHints":{"allow":["GET"]}}],"collection":[{"href":"https:\/\/iicvilnius.esteri.it\/lt\/wp-json\/wp\/v2\/posts"}],"about":[{"href":"https:\/\/iicvilnius.esteri.it\/lt\/wp-json\/wp\/v2\/types\/post"}],"author":[{"embeddable":true,"href":"https:\/\/iicvilnius.esteri.it\/lt\/wp-json\/wp\/v2\/users\/3"}],"replies":[{"embeddable":true,"href":"https:\/\/iicvilnius.esteri.it\/lt\/wp-json\/wp\/v2\/comments?post=2894"}],"version-history":[{"count":1,"href":"https:\/\/iicvilnius.esteri.it\/lt\/wp-json\/wp\/v2\/posts\/2894\/revisions"}],"predecessor-version":[{"id":2903,"href":"https:\/\/iicvilnius.esteri.it\/lt\/wp-json\/wp\/v2\/posts\/2894\/revisions\/2903"}],"wp:attachment":[{"href":"https:\/\/iicvilnius.esteri.it\/lt\/wp-json\/wp\/v2\/media?parent=2894"}],"wp:term":[{"taxonomy":"post_tag","embeddable":true,"href":"https:\/\/iicvilnius.esteri.it\/lt\/wp-json\/wp\/v2\/tags?post=2894"}],"curies":[{"name":"wp","href":"https:\/\/api.w.org\/{rel}","templated":true}]}}